[{"id":114342,"permalink":"https:\/\/www.csn.qc.ca\/actualites\/chirurgies-au-prive-vers-une-explosion-des-couts-pour-le-systeme\/","surtitre":"Exclusif","title":"Chirurgies au priv\u00e9 \u2013 Vers une explosion des co\u00fbts pour le syst\u00e8me","accroche":"Des documents obtenus par la CSN \u00e0 la suite de demandes d\u2019acc\u00e8s \u00e0 l\u2019information montrent que le gouvernement de la CAQ ainsi que Sant\u00e9 Qu\u00e9bec savent que le transfert de certaines chirurgies du secteur public vers le secteur priv\u00e9 entra\u00eenera des co\u00fbts suppl\u00e9mentaires importants pour le syst\u00e8me de sant\u00e9.","date":"26 avril 2026","image_url":"https:\/\/www.csn.qc.ca\/wp-content\/uploads\/2024\/03\/quebec-inc-600x400.jpg"},{"id":114197,"permalink":"https:\/\/www.csn.qc.ca\/actualites\/le-bacon-dolymel-de-plus-en-plus-fabrique-en-ontario-des-tet-mis-au-chomage\/","surtitre":"Secteur agroalimentaire","title":"Le bacon d’Olymel de plus en plus fabriqu\u00e9 en Ontario\u00a0: des TET mis au ch\u00f4mage!","accroche":"","date":"24 avril 2026","image_url":"https:\/\/www.csn.qc.ca\/wp-content\/uploads\/2026\/04\/melaniecloutierweb-600x400.jpg"},{"id":114194,"permalink":"https:\/\/www.csn.qc.ca\/actualites\/metro-utilise-des-briseurs-de-greve-conclut-le-ministere-du-travail\/","surtitre":"Conflit de travail","title":"Metro utilise des briseurs de gr\u00e8ve, conclut le minist\u00e8re du Travail","accroche":"\u00ab\u2009Que Metro vienne n\u00e9gocier \u00e0 la table plut\u00f4t que de trouver tous les moyens pour enfreindre la loi\u2009\u00bb","date":"24 avril 2026","image_url":"https:\/\/www.csn.qc.ca\/wp-content\/uploads\/2026\/04\/5-comm-24-600x400.jpg"},{"id":114158,"permalink":"https:\/\/www.csn.qc.ca\/actualites\/entente-de-principe-acceptee-chez-autobus-des-erables\/","surtitre":"Transport scolaire","title":"Entente de principe accept\u00e9e chez Autobus des \u00c9rables","accroche":"Les plus fortes hausses touchent les salari\u00e9-es cumulant moins d\u2019un an d\u2019anciennet\u00e9, ce qui favorisera l\u2019attraction et la r\u00e9tention de notre monde - Andr\u00e9 Vaillancourt","date":"23 avril 2026","image_url":"https:\/\/www.csn.qc.ca\/wp-content\/uploads\/2026\/04\/2026-04-22_autdeserables_voteentente_1200x630-600x400.jpeg"},{"id":114155,"permalink":"https:\/\/www.csn.qc.ca\/actualites\/le-plan-de-contingence-de-metro-un-stratageme-pour-contourner-la-loi-anti-briseurs-de-greve\/","surtitre":"Gr\u00e8ve \u00e0 l\u2019entrep\u00f4t de fruits et l\u00e9gumes\u00a0","title":"Le plan de contingence de Metro, un stratag\u00e8me pour contourner la loi anti-briseurs de gr\u00e8ve","accroche":"La centrale syndicale a de bonnes raisons de croire que Metro a \u00e9galement utilis\u00e9, depuis le d\u00e9but du conflit, de \u00ab\u2009vrais\u2009\u00bb briseurs de gr\u00e8ve, contrevenant ainsi aux dispositions du Code du travail.","date":"23 avril 2026","image_url":"https:\/\/www.csn.qc.ca\/wp-content\/uploads\/2026\/04\/4_courchesnedsf2595-600x400.jpg"},{"id":114153,"permalink":"https:\/\/www.csn.qc.ca\/actualites\/tramway-et-metro-christine-frechette-doit-sentendre-avec-ottawa\/","surtitre":"Transport collectif","title":"Tramway et m\u00e9tro : Christine Fr\u00e9chette doit s’entendre avec Ottawa","accroche":"","date":"23 avril 2026","image_url":"https:\/\/www.csn.qc.ca\/wp-content\/uploads\/2022\/02\/2022-02_alstom_csn-600x400.png"},{"id":114148,"permalink":"https:\/\/www.csn.qc.ca\/actualites\/la-premiere-ministre-devra-livrer-sa-loi-gabie-renaud\/","surtitre":"Dix f\u00e9minicides connus depuis le d\u00e9but de 2026 au Qu\u00e9bec","title":"La premi\u00e8re ministre devra livrer sa loi Gabie Renaud","accroche":"","date":"23 avril 2026","image_url":"https:\/\/www.csn.qc.ca\/wp-content\/uploads\/2026\/04\/img_0313-600x400.jpg"},{"id":113958,"permalink":"https:\/\/www.csn.qc.ca\/actualites\/nouveau-conseil-des-ministres-un-jeu-de-chaises-musicales-sur-le-pont-du-titanic\/","surtitre":"R\u00e9action","title":"Nouveau conseil des ministres : un jeu de chaises musicales sur le pont du Titanic","accroche":"Difficile d\u2019interpr\u00e9ter ce nouveau cabinet autrement que comme un jeu de chaises musicales sur le pont du Titanic.","date":"21 avril 2026","image_url":"https:\/\/www.csn.qc.ca\/wp-content\/uploads\/2021\/03\/1280px-assemblee_nationale_du_quebec_lhotel_du_parlement_facade_avec_ancien_entre_principal-600x400.jpg"},{"id":113956,"permalink":"https:\/\/www.csn.qc.ca\/actualites\/deux-webinaires-faire-front\/","surtitre":"Rendez-vous Faire front","title":"Deux webinaires Faire front","accroche":"","date":"21 avril 2026","image_url":"https:\/\/www.csn.qc.ca\/wp-content\/uploads\/2025\/10\/fairefront1200x630-600x400.jpg"},{"id":113701,"permalink":"https:\/\/www.csn.qc.ca\/actualites\/faire-front-pour-legalite-des-chances\/","surtitre":"Enseignement sup\u00e9rieur","title":"Faire front pour l\u2019\u00e9galit\u00e9 des chances","accroche":"Le gel d\u2019embauche fait mal, l\u2019\u00e9tat de nos c\u00e9geps laisse \u00e0 d\u00e9sirer, tout cela alors que les compressions budg\u00e9taires s\u2019accumulent et qu\u2019elles affectent directement les services.","date":"16 avril 2026","image_url":"https:\/\/www.csn.qc.ca\/wp-content\/uploads\/2026\/04\/4-fairefront-600x400.jpg"},{"id":113677,"permalink":"https:\/\/www.csn.qc.ca\/actualites\/semaine-daction-des-gouvernements-mauvais-pour-la-sante\/","surtitre":"Coalition solidarit\u00e9 sant\u00e9","title":"Semaine d\u2019action\u00a0: Des gouvernements mauvais pour la sant\u00e9","accroche":"","date":"15 avril 2026","image_url":"https:\/\/www.csn.qc.ca\/wp-content\/uploads\/2026\/04\/csn_avr--15-2026_viviengaumand_87-600x400.jpg"},{"id":113619,"permalink":"https:\/\/www.csn.qc.ca\/actualites\/une-rupture-de-dialogue-signee-pascale-dery\/","surtitre":"All\u00e8gement des r\u00e8gles entourant la loi du 1 %","title":"Une rupture de dialogue sign\u00e9e Pascale D\u00e9ry","accroche":"","date":"14 avril 2026","image_url":"https:\/\/www.csn.qc.ca\/wp-content\/uploads\/2026\/04\/formation-600x400.jpg"},{"id":113470,"permalink":"https:\/\/www.csn.qc.ca\/actualites\/la-csn-souhaite-bonne-chance-a-christine-frechette\/","surtitre":"Nouvelle premi\u00e8re ministre","title":"La CSN souhaite bonne chance \u00e0 Christine Fr\u00e9chette","accroche":"","date":"12 avril 2026","image_url":"https:\/\/www.csn.qc.ca\/wp-content\/uploads\/2026\/04\/csn_manif_qc_a_boutte_20260412_0697-600x400.jpg"},{"id":113466,"permalink":"https:\/\/www.csn.qc.ca\/actualites\/un-couronnement-qui-sent-la-fin-de-regne\/","surtitre":"Chefferie de la CAQ","title":"Un couronnement qui sent la fin de r\u00e8gne","accroche":"Des centaines de personnes manifestaient aujourd'hui \u00e0 Drummondville, en marge du congr\u00e8s de la CAQ lors duquel le prochain chef sera \u00e9lu. Malgr\u00e9 le changement de chef, et donc de premier ministre, le gouvernement de la CAQ vit sur du temps emprunt\u00e9.","date":"12 avril 2026","image_url":"https:\/\/www.csn.qc.ca\/wp-content\/uploads\/2026\/04\/csn_manif_qc_a_boutte_20260412_0608-600x400.jpg"},{"id":113522,"permalink":"https:\/\/www.csn.qc.ca\/actualites\/une-augmentation-de-21-en-cinq-ans-chez-lm-wind-power\/","surtitre":"Industrie \u00e9olienne","title":"Une augmentation de 21 % en cinq ans chez LM Wind Power","accroche":"","date":"11 avril 2026","image_url":"https:\/\/www.csn.qc.ca\/wp-content\/uploads\/2026\/04\/21d95a17b18671b78b210e50cbd55b38-600x400.jpg"},{"id":113440,"permalink":"https:\/\/www.csn.qc.ca\/actualites\/cegep-de-saint-laurent-la-csn-denonce-les-coupes-sauvages-en-francisation\/","surtitre":"Capacit\u00e9 d'accueil","title":"C\u00e9gep de Saint-Laurent : la CSN d\u00e9nonce les coupes sauvages en francisation","accroche":"","date":"11 avril 2026","image_url":"https:\/\/www.csn.qc.ca\/wp-content\/uploads\/2026\/04\/dsc08936-1-600x400.jpg"},{"id":113436,"permalink":"https:\/\/www.csn.qc.ca\/actualites\/lapplication-de-la-mise-a-jour-des-protocoles-dintervention-clinique-doit-etre-reportee\/","surtitre":"Pr\u00e9hospitalier","title":"L\u2019application de la mise \u00e0 jour des protocoles d\u2019intervention clinique doit \u00eatre report\u00e9e","accroche":"","date":"10 avril 2026","image_url":"https:\/\/www.csn.qc.ca\/wp-content\/uploads\/2026\/04\/prehos-600x400.jpg"},{"id":113338,"permalink":"https:\/\/www.csn.qc.ca\/actualites\/paramedics-la-surcharge-de-travail-encore-en-hausse-dans-la-capitale-nationale\/","surtitre":"143 %","title":"Param\u00e9dics \u2013 La surcharge de travail encore en hausse dans la Capitale-Nationale","accroche":"Nous appelons le gouvernement \u00e0 entendre les signaux d\u2019alarme \u00e9mis par son propre minist\u00e8re. Il est \u00e9vident qu\u2019une surcharge de travail de 143\u00a0%, c\u2019est insoutenable\u2009!","date":"7 avril 2026","image_url":"https:\/\/www.csn.qc.ca\/wp-content\/uploads\/2026\/04\/quebecsuyrcharge-600x400.jpg"},{"id":113336,"permalink":"https:\/\/www.csn.qc.ca\/actualites\/adoption-du-projet-de-loi-no-3-un-recul-historique-pour-les-droits-des-travailleuses-et-travailleurs\/","surtitre":"Faire front","title":"Adoption du projet de loi no 3 – Un recul historique pour les droits des travailleuses et travailleurs","accroche":"Un recul historique pour les droits des travailleuses et travailleurs","date":"2 avril 2026","image_url":"https:\/\/www.csn.qc.ca\/wp-content\/uploads\/2023\/05\/2023-05-04_ass_nat_plongee_fneeq-600x400.jpg"},{"id":113332,"permalink":"https:\/\/www.csn.qc.ca\/actualites\/les-employe-es-dentrepot-et-du-siege-social-de-metro-rejettent-les-offres-de-lemployeur\/","surtitre":"Gr\u00e8ve chez Metro","title":"Les employ\u00e9-es d\u2019entrep\u00f4t et du si\u00e8ge social de Metro rejettent les offres de l\u2019employeur","accroche":"Comme leur derni\u00e8re convention collective a \u00e9t\u00e9 n\u00e9goci\u00e9e avant la pand\u00e9mie et que l\u2019inflation a depuis frapp\u00e9 de plein fouet, les 550\u00a0travailleuses et travailleurs demandent un rattrapage salarial important.","date":"2 avril 2026","image_url":"https:\/\/www.csn.qc.ca\/wp-content\/uploads\/2026\/04\/3_ag-600x400.jpg"}]